{"id":32,"date":"2009-07-01T10:14:51","date_gmt":"2009-07-01T08:14:51","guid":{"rendered":"http:\/\/wp.gpk.biz.pl\/index.php\/2009\/07\/01\/podpisanie-umowy-o-dofinansowanie\/"},"modified":"2009-07-01T10:14:51","modified_gmt":"2009-07-01T08:14:51","slug":"podpisanie-umowy-o-dofinansowanie","status":"publish","type":"post","link":"https:\/\/gpk.biz.pl\/index.php\/2009\/07\/01\/podpisanie-umowy-o-dofinansowanie\/","title":{"rendered":"Podpisanie umowy o dofinansowanie"},"content":{"rendered":"<p class=\"MsoNormal\" style=\"text-align: justify; line-height: 150%;\">15 czerwca 2009 roku w Warszawie Prezes Grodziskiego Przedsi\u0119biorstwa Komunalnego sp. z o.o. podpisa\u0142 umow\u0119 o dofinansowanie projektu <span>?Kompleksowe zagospodarowanie \u015bciek\u00f3w w zlewni rzeki Obry ? Gmina Grodzisk Wielkopolski? <\/span>z Narodowym Funduszem Ochrony \u015arodowiska i Gospodarki Wodnej<span> <\/span>w Warszawie<span> <\/span>w ramach Programu Operacyjnego Infrastruktura i \u015arodowisko.<\/p>\n<p class=\"MsoNormal\" style=\"text-align: justify; line-height: 150%;\">WARTO\u015a\u0106 PROJEKTU:<span> <\/span>52\u00a0601\u00a0543,36<\/p>\n<p class=\"MsoNormal\" style=\"text-align: justify; line-height: 150%;\">DOTACJA Z UE:<span> <\/span>31\u00a0468\u00a0787,23 (61,19%)<\/p>\n<p class=\"MsoNormal\" style=\"text-align: justify; line-height: 150%;\">\u00a0<\/p>\n<p class=\"MsoNormal\" style=\"text-align: center; line-height: 150%;\"><img loading=\"lazy\" decoding=\"async\" alt=\"1\" src=\"images\/stories\/jre\/1.jpg\" width=\"640\" height=\"503\" \/><\/p>\n<p class=\"MsoNormal\" style=\"text-align: center; line-height: 150%;\">\u00a0<\/p>\n<p>  <!--more-->  <\/p>\n<p class=\"MsoNormal\" style=\"text-align: center; line-height: 150%;\"><img loading=\"lazy\" decoding=\"async\" alt=\"3\" src=\"images\/stories\/jre\/3.jpg\" width=\"640\" height=\"442\" \/><\/p>\n<p class=\"MsoNormal\" style=\"text-align: center; line-height: 150%;\">\u00a0<\/p>\n<p class=\"MsoNormal\" style=\"text-align: center; line-height: 150%;\"><img loading=\"lazy\" decoding=\"async\" alt=\"5\" src=\"images\/stories\/jre\/5.jpg\" width=\"640\" height=\"443\" \/><\/p>\n<p class=\"MsoNormal\" style=\"text-align: center; line-height: 150%;\">\u00a0<\/p>\n","protected":false},"excerpt":{"rendered":"<p>15 czerwca 2009 roku w Warszawie Prezes Grodziskiego Przedsi\u0119biorstwa Komunalnego sp. z o.o. podpisa\u0142 umow\u0119 o dofinansowanie projektu ?Kompleksowe zagospodarowanie \u015bciek\u00f3w w zlewni rzeki Obry ? Gmina Grodzisk Wielkopolski? z Narodowym Funduszem Ochrony \u015arodowiska i Gospodarki Wodnej w Warszawie w ramach Programu Operacyjnego Infrastruktura i \u015arodowisko. WARTO\u015a\u0106 PROJEKTU: 52\u00a0601\u00a0543,36 DOTACJA Z UE: 31\u00a0468\u00a0787,23 (61,19%) \u00a0&#8230;<\/p>\n","protected":false},"author":1,"featured_media":31,"comment_status":"","ping_status":"open","sticky":false,"template":"","format":"standard","meta":{"footnotes":""},"categories":[8],"tags":[],"class_list":["post-32","post","type-post","status-publish","format-standard","has-post-thumbnail","hentry","category-jednostka-realizujca-projekt"],"publishpress_future_action":{"enabled":false,"date":"2026-05-06 13:26:59","action":"change-status","newStatus":"draft","terms":[],"taxonomy":"category","extraData":[]},"publishpress_future_workflow_manual_trigger":{"enabledWorkflows":[]},"_links":{"self":[{"href":"https:\/\/gpk.biz.pl\/index.php\/wp-json\/wp\/v2\/posts\/32","targetHints":{"allow":["GET"]}}],"collection":[{"href":"https:\/\/gpk.biz.pl\/index.php\/wp-json\/wp\/v2\/posts"}],"about":[{"href":"https:\/\/gpk.biz.pl\/index.php\/wp-json\/wp\/v2\/types\/post"}],"author":[{"embeddable":true,"href":"https:\/\/gpk.biz.pl\/index.php\/wp-json\/wp\/v2\/users\/1"}],"replies":[{"embeddable":true,"href":"https:\/\/gpk.biz.pl\/index.php\/wp-json\/wp\/v2\/comments?post=32"}],"version-history":[{"count":0,"href":"https:\/\/gpk.biz.pl\/index.php\/wp-json\/wp\/v2\/posts\/32\/revisions"}],"wp:featuredmedia":[{"embeddable":true,"href":"https:\/\/gpk.biz.pl\/index.php\/wp-json\/wp\/v2\/media\/31"}],"wp:attachment":[{"href":"https:\/\/gpk.biz.pl\/index.php\/wp-json\/wp\/v2\/media?parent=32"}],"wp:term":[{"taxonomy":"category","embeddable":true,"href":"https:\/\/gpk.biz.pl\/index.php\/wp-json\/wp\/v2\/categories?post=32"},{"taxonomy":"post_tag","embeddable":true,"href":"https:\/\/gpk.biz.pl\/index.php\/wp-json\/wp\/v2\/tags?post=32"}],"curies":[{"name":"wp","href":"https:\/\/api.w.org\/{rel}","templated":true}]}}