{"id":30,"date":"2009-03-27T06:59:43","date_gmt":"2009-03-27T05:59:43","guid":{"rendered":"http:\/\/wp.gpk.biz.pl\/index.php\/2009\/03\/27\/konferencja\/"},"modified":"2009-03-27T06:59:43","modified_gmt":"2009-03-27T05:59:43","slug":"konferencja","status":"publish","type":"post","link":"https:\/\/gpk.biz.pl\/index.php\/2009\/03\/27\/konferencja\/","title":{"rendered":"Konferencja"},"content":{"rendered":"<p>W dniu 20 lutego 2009 r. Grodziskie Przedsi\u0119biorstwo Komunalne Sp. z o.o. otrzyma\u0142o informacj\u0119 o potwierdzeniu przyznania dofinansowania z 12.02.2009 r. dla projektu pn.: Kompleksowe zagospodarowanie \u015bciek\u00f3w w zlewni rzeki Obry ? Gmina Grodzisk Wielkopolski. <\/p>\n<p style=\"text-align: justify; line-height: 150%;\" class=\"MsoNormal\">\u00a0<\/p>\n<p> W dniu 24 marca 2009 r. w Pu\u0142tusku, w Domu Polonii mia\u0142o miejsce uroczyste przekazanie potwierdzenia ws. dofinansowania projektu pn.: Kompleksowe zagospodarowanie \u015bciek\u00f3w w zlewni rzeki Obry ? Gmina Grodzisk Wlkp., w trakcie konferencji prasowej z udzia\u0142em Bernarda B\u0142aszczyka Podsekretarza Stanu w Ministerstwie \u015arodowiska.   <!--more-->  <\/p>\n<p>\u00a0<\/p>\n<hr \/>\n<div style=\"text-align: center;\"><img loading=\"lazy\" decoding=\"async\" width=\"640\" height=\"480\" src=\"images\/stories\/jre\/DSC09705.jpg\" alt=\"DSC09705\" \/><\/div>\n<div style=\"text-align: center;\"><span class=\"contentpane\">Burmistrz Grodziska Wlkp. odbiera potwierdzenie  dofinansowania z r\u0105k Podsekretarza Stanu  w Ministerstwie \u015arodowiska  Bernarda B\u0142aszczyka.<\/span><\/div>\n<hr \/>\n<div style=\"text-align: center;\"><img loading=\"lazy\" decoding=\"async\" width=\"640\" height=\"480\" src=\"images\/stories\/jre\/DSC09714.jpg\" alt=\"DSC09714\" \/><\/div>\n<p style=\"text-align: center; line-height: 150%;\" class=\"MsoNormal\"><span class=\"contentpane\">od lewej B. B\u0142aszczyk, Marzenna Grzelak &#8211; Kierownik JRP GPK  Sp. z o.o., Burmistrz Grodziska Wlkp. &#8211; Henryk Szyma\u0144ski , Andrzej  Cichos &#8211; Prezes Grodziskiego Przedsi\u0119biorstwa Komunalnego Sp. z o.o.<\/span><\/p>\n<hr \/>\n<p style=\"text-align: center; line-height: 150%;\" class=\"MsoNormal\"><img loading=\"lazy\" decoding=\"async\" width=\"640\" height=\"480\" src=\"images\/stories\/jre\/DSC09713.jpg\" alt=\"DSC09713\" \/><\/p>\n<div style=\"text-align: center;\"><span class=\"contentpane\">od lewej Marek Kinecki &#8211; przewodnicz\u0105cy Rady Miejskiej  Grodzisk Wlkp., B. B\u0142aszczyk, Burmistrz Grodziska Wlkp. &#8211; Henryk  Szyma\u0144ski , Andrzej Cichos &#8211; Prezes Grodziskiego Przedsi\u0119biorstwa  Komunalnego Sp. z o.o.<\/span><\/div>\n<p style=\"text-align: justify; line-height: 150%;\" class=\"MsoNormal\">\u00a0<\/p>\n<hr \/>\n<p style=\"text-align: justify; line-height: 150%;\" class=\"MsoNormal\">\u00a0<\/p>\n","protected":false},"excerpt":{"rendered":"<p>W dniu 20 lutego 2009 r. Grodziskie Przedsi\u0119biorstwo Komunalne Sp. z o.o. otrzyma\u0142o informacj\u0119 o potwierdzeniu przyznania dofinansowania z 12.02.2009 r. dla projektu pn.: Kompleksowe zagospodarowanie \u015bciek\u00f3w w zlewni rzeki Obry ? Gmina Grodzisk Wielkopolski. \u00a0 W dniu 24 marca 2009 r. w Pu\u0142tusku, w Domu Polonii mia\u0142o miejsce uroczyste przekazanie potwierdzenia ws. dofinansowania projektu&#8230;<\/p>\n","protected":false},"author":1,"featured_media":29,"comment_status":"","ping_status":"open","sticky":false,"template":"","format":"standard","meta":{"footnotes":""},"categories":[8],"tags":[],"class_list":["post-30","post","type-post","status-publish","format-standard","has-post-thumbnail","hentry","category-jednostka-realizujca-projekt"],"publishpress_future_action":{"enabled":false,"date":"2026-05-06 12:15:33","action":"change-status","newStatus":"draft","terms":[],"taxonomy":"category","extraData":[]},"publishpress_future_workflow_manual_trigger":{"enabledWorkflows":[]},"_links":{"self":[{"href":"https:\/\/gpk.biz.pl\/index.php\/wp-json\/wp\/v2\/posts\/30","targetHints":{"allow":["GET"]}}],"collection":[{"href":"https:\/\/gpk.biz.pl\/index.php\/wp-json\/wp\/v2\/posts"}],"about":[{"href":"https:\/\/gpk.biz.pl\/index.php\/wp-json\/wp\/v2\/types\/post"}],"author":[{"embeddable":true,"href":"https:\/\/gpk.biz.pl\/index.php\/wp-json\/wp\/v2\/users\/1"}],"replies":[{"embeddable":true,"href":"https:\/\/gpk.biz.pl\/index.php\/wp-json\/wp\/v2\/comments?post=30"}],"version-history":[{"count":0,"href":"https:\/\/gpk.biz.pl\/index.php\/wp-json\/wp\/v2\/posts\/30\/revisions"}],"wp:featuredmedia":[{"embeddable":true,"href":"https:\/\/gpk.biz.pl\/index.php\/wp-json\/wp\/v2\/media\/29"}],"wp:attachment":[{"href":"https:\/\/gpk.biz.pl\/index.php\/wp-json\/wp\/v2\/media?parent=30"}],"wp:term":[{"taxonomy":"category","embeddable":true,"href":"https:\/\/gpk.biz.pl\/index.php\/wp-json\/wp\/v2\/categories?post=30"},{"taxonomy":"post_tag","embeddable":true,"href":"https:\/\/gpk.biz.pl\/index.php\/wp-json\/wp\/v2\/tags?post=30"}],"curies":[{"name":"wp","href":"https:\/\/api.w.org\/{rel}","templated":true}]}}