{"id":204,"date":"2020-05-08T07:33:26","date_gmt":"2020-05-08T05:33:26","guid":{"rendered":"http:\/\/wp.gpk.biz.pl\/index.php\/2020\/05\/08\/komunikat-2\/"},"modified":"2021-01-14T09:58:27","modified_gmt":"2021-01-14T08:58:27","slug":"komunikat-2","status":"publish","type":"post","link":"https:\/\/gpk.biz.pl\/index.php\/2020\/05\/08\/komunikat-2\/","title":{"rendered":"Komunikat"},"content":{"rendered":"<p style=\"text-align: center;\"><strong>KOMUNIKAT<br \/>\nBurmistrza Grodziska Wielkopolskiego<br \/>\nw sprawie odwo\u0142ania zakazu handlu na targowisku miejskim<\/strong><\/p>\n<p style=\"text-align: justify;\">Zgodnie z Zarz\u0105dzeniem Burmistrza Grodziska Wielkopolskiego z dnia 6 maja 2020 r. w sprawie odwo\u0142ania zakazu handlu na targowisku miejskim w Grodzisku Wielkopolskim, informuj\u0119, \u017ce z dniem <strong>12 maja 2020 r<\/strong> odwo\u0142uje si\u0119 zakaz handlu na targowisku miejskim w Grodzisku Wielkopolskim artyku\u0142ami innymi ni\u017c artyku\u0142y spo\u017cywcze, artyku\u0142y drogeryjne oraz \u017cywe kwiaty.<\/p>\n<p>Handel na targowisku mo\u017ce si\u0119 odbywa\u0107 przy zachowaniu aktualnie obowi\u0105zuj\u0105cych zasad bezpiecze\u0144stwa tj.:<\/p>\n<p><strong>&#8211;\u00a0\u00a0 zakrycie nosa i twarzy<br \/>\n<\/strong><strong>&#8211;\u00a0\u00a0 zachowania 2 metr\u00f3w odleg\u0142o\u015bci od innych os\u00f3b<br \/>\n<\/strong><strong>&#8211;\u00a0\u00a0 zachowania minimum 1,5 metra odleg\u0142o\u015bci klient &#8211; sprzedawca<br \/>\n<\/strong><strong>&#8211;\u00a0\u00a0 limit 4 os\u00f3b na jedno stoisko handlowe<br \/>\n<\/strong><strong>&#8211;\u00a0\u00a0 obowi\u0105zek noszenia r\u0119kawiczek na targowisku<\/strong><\/p>\n","protected":false},"excerpt":{"rendered":"<p>KOMUNIKAT Burmistrza Grodziska Wielkopolskiego w sprawie odwo\u0142ania zakazu handlu na targowisku miejskim Zgodnie z Zarz\u0105dzeniem Burmistrza Grodziska Wielkopolskiego z dnia 6 maja 2020 r. w sprawie odwo\u0142ania zakazu handlu na targowisku miejskim w Grodzisku Wielkopolskim, informuj\u0119, \u017ce z dniem 12 maja 2020 r odwo\u0142uje si\u0119 zakaz handlu na targowisku miejskim w Grodzisku Wielkopolskim artyku\u0142ami innymi&#8230;<\/p>\n","protected":false},"author":1,"featured_media":0,"comment_status":"closed","ping_status":"closed","sticky":false,"template":"","format":"standard","meta":{"footnotes":""},"categories":[7],"tags":[],"class_list":["post-204","post","type-post","status-publish","format-standard","hentry","category-targowisko"],"publishpress_future_action":{"enabled":false,"date":"2026-05-08 20:13:15","action":"change-status","newStatus":"draft","terms":[],"taxonomy":"category","extraData":[]},"publishpress_future_workflow_manual_trigger":{"enabledWorkflows":[]},"_links":{"self":[{"href":"https:\/\/gpk.biz.pl\/index.php\/wp-json\/wp\/v2\/posts\/204","targetHints":{"allow":["GET"]}}],"collection":[{"href":"https:\/\/gpk.biz.pl\/index.php\/wp-json\/wp\/v2\/posts"}],"about":[{"href":"https:\/\/gpk.biz.pl\/index.php\/wp-json\/wp\/v2\/types\/post"}],"author":[{"embeddable":true,"href":"https:\/\/gpk.biz.pl\/index.php\/wp-json\/wp\/v2\/users\/1"}],"replies":[{"embeddable":true,"href":"https:\/\/gpk.biz.pl\/index.php\/wp-json\/wp\/v2\/comments?post=204"}],"version-history":[{"count":4,"href":"https:\/\/gpk.biz.pl\/index.php\/wp-json\/wp\/v2\/posts\/204\/revisions"}],"predecessor-version":[{"id":543,"href":"https:\/\/gpk.biz.pl\/index.php\/wp-json\/wp\/v2\/posts\/204\/revisions\/543"}],"wp:attachment":[{"href":"https:\/\/gpk.biz.pl\/index.php\/wp-json\/wp\/v2\/media?parent=204"}],"wp:term":[{"taxonomy":"category","embeddable":true,"href":"https:\/\/gpk.biz.pl\/index.php\/wp-json\/wp\/v2\/categories?post=204"},{"taxonomy":"post_tag","embeddable":true,"href":"https:\/\/gpk.biz.pl\/index.php\/wp-json\/wp\/v2\/tags?post=204"}],"curies":[{"name":"wp","href":"https:\/\/api.w.org\/{rel}","templated":true}]}}