{"id":203,"date":"2020-05-08T07:29:58","date_gmt":"2020-05-08T05:29:58","guid":{"rendered":"http:\/\/wp.gpk.biz.pl\/index.php\/2020\/05\/08\/obwieszczenie-ws-targowiska\/"},"modified":"2021-01-14T09:59:21","modified_gmt":"2021-01-14T08:59:21","slug":"obwieszczenie-ws-targowiska","status":"publish","type":"post","link":"https:\/\/gpk.biz.pl\/index.php\/2020\/05\/08\/obwieszczenie-ws-targowiska\/","title":{"rendered":"Obwieszczenie ws. targowiska"},"content":{"rendered":"<p align=\"center\"><strong>OBWIESZCZENIE<br \/>\nBurmistrza Grodziska Wielkopolskiego z dnia 6 maja 2020 roku<\/strong><\/p>\n<p align=\"center\"><strong>\u00a0<\/strong><\/p>\n<p>w sprawie <strong>odwo\u0142ania zakazu handlu na targowisku miejskim w Grodzisku Wielkopolskim<\/strong><\/p>\n<p>Na podstawie art.41 ust.2 w zwi\u0105zku z art.40 ust.3 ustawy z dnia 8 marca 1990r o samorz\u0105dzie gminnym ( Dz.U. z 2019r poz.506 ) zarz\u0105dzam, co nast\u0119puje:<\/p>\n<p style=\"text-align: center;\">\u00a7 1.<\/p>\n<p style=\"text-align: justify;\"><strong>Z dniem 12 maja 2020 roku<\/strong> odwo\u0142uje si\u0119 zakaz handlu na targowisku miejskim w Grodzisku Wielkopolskim, wprowadzony Zarz\u0105dzeniem Nr 29\/2020 Burmistrza Grodziska Wielkopolskiego z dnia 16 marca 2020 r. w sprawie wprowadzenia zakazu handlu na targowisku miejskim w Grodzisku Wielkopolskim artyku\u0142ami innymi ni\u017c artyku\u0142y spo\u017cywcze oraz artyku\u0142y drogeryjne.<\/p>\n<p style=\"text-align: center;\">\u00a72.<\/p>\n<p style=\"text-align: justify;\">1. Zarz\u0105dzenie podlega og\u0142oszeniu w drodze obwieszcze\u0144, a tak\u017ce w spos\u00f3b zwyczajowo przyj\u0119ty poprzez umieszczenie na stronie internetowej Gminy Grodzisk Wielkopolski w Biuletynie Informacji Publicznej oraz na tablicy og\u0142osze\u0144 w Urz\u0119dzie Miejskim w Grodzisku Wielkopolskim<br \/>\n2. Zarz\u0105dzenie wchodzi w \u017cycie po up\u0142ywie trzech dni od dnia og\u0142oszenia<\/p>\n<p align=\"center\">\n<p align=\"center\">Burmistrz<br \/>\nGrodziska Wielkopolskiego<br \/>\n\/~\/ Piotr Hojan<\/p>\n","protected":false},"excerpt":{"rendered":"<p>OBWIESZCZENIE Burmistrza Grodziska Wielkopolskiego z dnia 6 maja 2020 roku \u00a0 w sprawie odwo\u0142ania zakazu handlu na targowisku miejskim w Grodzisku Wielkopolskim Na podstawie art.41 ust.2 w zwi\u0105zku z art.40 ust.3 ustawy z dnia 8 marca 1990r o samorz\u0105dzie gminnym ( Dz.U. z 2019r poz.506 ) zarz\u0105dzam, co nast\u0119puje: \u00a7 1. Z dniem 12 maja&#8230;<\/p>\n","protected":false},"author":1,"featured_media":0,"comment_status":"closed","ping_status":"closed","sticky":false,"template":"","format":"standard","meta":{"footnotes":""},"categories":[7],"tags":[],"class_list":["post-203","post","type-post","status-publish","format-standard","hentry","category-targowisko"],"publishpress_future_action":{"enabled":false,"date":"2026-05-06 11:47:51","action":"change-status","newStatus":"draft","terms":[],"taxonomy":"category","extraData":[]},"publishpress_future_workflow_manual_trigger":{"enabledWorkflows":[]},"_links":{"self":[{"href":"https:\/\/gpk.biz.pl\/index.php\/wp-json\/wp\/v2\/posts\/203","targetHints":{"allow":["GET"]}}],"collection":[{"href":"https:\/\/gpk.biz.pl\/index.php\/wp-json\/wp\/v2\/posts"}],"about":[{"href":"https:\/\/gpk.biz.pl\/index.php\/wp-json\/wp\/v2\/types\/post"}],"author":[{"embeddable":true,"href":"https:\/\/gpk.biz.pl\/index.php\/wp-json\/wp\/v2\/users\/1"}],"replies":[{"embeddable":true,"href":"https:\/\/gpk.biz.pl\/index.php\/wp-json\/wp\/v2\/comments?post=203"}],"version-history":[{"count":4,"href":"https:\/\/gpk.biz.pl\/index.php\/wp-json\/wp\/v2\/posts\/203\/revisions"}],"predecessor-version":[{"id":546,"href":"https:\/\/gpk.biz.pl\/index.php\/wp-json\/wp\/v2\/posts\/203\/revisions\/546"}],"wp:attachment":[{"href":"https:\/\/gpk.biz.pl\/index.php\/wp-json\/wp\/v2\/media?parent=203"}],"wp:term":[{"taxonomy":"category","embeddable":true,"href":"https:\/\/gpk.biz.pl\/index.php\/wp-json\/wp\/v2\/categories?post=203"},{"taxonomy":"post_tag","embeddable":true,"href":"https:\/\/gpk.biz.pl\/index.php\/wp-json\/wp\/v2\/tags?post=203"}],"curies":[{"name":"wp","href":"https:\/\/api.w.org\/{rel}","templated":true}]}}